[{"@context":"https:\/\/schema.org\/","@type":"Article","@id":"https:\/\/www.sorela.cz\/vysvetlit-detem-smrt-nebo-mlcet\/#Article","mainEntityOfPage":"https:\/\/www.sorela.cz\/vysvetlit-detem-smrt-nebo-mlcet\/","headline":"Vysv\u011btlit d\u011btem smrt nebo ml\u010det?","name":"Vysv\u011btlit d\u011btem smrt nebo ml\u010det?","description":"Rodi\u010de \u010dasto \u0159e\u0161\u00ed dilema, zda b\u00fdt ke sv\u00fdm d\u011btem zcela up\u0159\u00edmn\u00ed nebo pravdu v jejich vlastn\u00edm z\u00e1jmu zatajit \u010di trochu upravit. Jak je tomu u","datePublished":"2025-05-12","dateModified":"2025-05-12","author":{"@type":"Person","@id":"https:\/\/www.sorela.cz\/author\/#Person","name":"","url":"https:\/\/www.sorela.cz\/author\/","identifier":1,"image":{"@type":"ImageObject","@id":"https:\/\/secure.gravatar.com\/avatar\/4e6a74466e4227c12d5306875d08720cdfce3572213740db6f4a2e5e46e710ff?s=96&d=mm&r=g","url":"https:\/\/secure.gravatar.com\/avatar\/4e6a74466e4227c12d5306875d08720cdfce3572213740db6f4a2e5e46e710ff?s=96&d=mm&r=g","height":96,"width":96}},"publisher":{"@type":"Organization","name":"sorela.cz","logo":{"@type":"ImageObject","@id":"\/logo.png","url":"\/logo.png","width":600,"height":60}},"url":"https:\/\/www.sorela.cz\/vysvetlit-detem-smrt-nebo-mlcet\/","wordCount":444,"articleBody":"Rodi\u010de \u010dasto \u0159e\u0161\u00ed dilema, zda b\u00fdt ke sv\u00fdm d\u011btem zcela up\u0159\u00edmn\u00ed nebo pravdu v jejich vlastn\u00edm z\u00e1jmu zatajit \u010di trochu upravit. Jak je tomu u traumatizuj\u00edc\u00edch situac\u00ed, konkr\u00e9tn\u011b o smrti? Je lep\u0161\u00ed \u0159\u00edci d\u00edt\u011bti, \u017ee tat\u00ednek nebo jin\u00fd bl\u00edzk\u00fd \u010dlov\u011bk ode\u0161el do nebe a nikdy u\u017e se nevr\u00e1t\u00ed nebo je odb\u00fdt t\u00edm, \u017ee odjel na dlouhou slu\u017eebn\u00ed cestu?\u00a0Ml\u010det nen\u00ed f\u00e9rJeliko\u017e smrt je p\u0159irozenou sou\u010d\u00e1st\u00ed \u017eivota, jej\u00ed utajov\u00e1n\u00ed v rodin\u011b m\u016f\u017ee p\u0159in\u00e9st d\u00edt\u011bti do\u017eivotn\u00ed trauma.Mysl\u00edme si, \u017ee t\u0159\u00edlet\u00e9 d\u00edt\u011b nem\u016f\u017ee nic ch\u00e1pat, ale naopak velmi dob\u0159e vn\u00edm\u00e1 situaci v jeho nejbli\u017e\u0161\u00edm okol\u00ed, smutek a v\u00e1\u017enost. Pokud s n\u00edm nekomunikujeme, m\u016f\u017ee m\u00edt d\u011bsiv\u00e9 sny a p\u0159edstavy. A v nejhor\u0161\u00edm p\u0159\u00edpad\u011b m\u016f\u017ee b\u00fdt d\u00edt\u011b p\u0159esv\u011bd\u010deno o tom, \u017ee bl\u00edzk\u00fd \u010dlov\u011bk nav\u017edy ode\u0161el kv\u016fli n\u011bmu.\u00a0Pochopit nen\u00ed snadn\u00e9Ve v\u011bku do p\u011bti let si d\u011bti mysl\u00ed, \u017ee smrt lze zvr\u00e1tit, \u017ee se doty\u010dn\u00fd vr\u00e1t\u00ed, nech\u00e1pou, \u017ee \u010das je omezen. Zapojuj\u00ed do t\u011bchto my\u0161lenek svoji fantazii a poh\u00e1dkov\u00e9 bytosti a abstraktn\u00edm zp\u016fsobem se tak pokou\u0161ej\u00ed vyrovnat se ztr\u00e1tou \u010dlov\u011bka.D\u011bti p\u0159ed\u0161koln\u00edho v\u011bku si u\u017e uv\u011bdomuj\u00ed nevyhnutelnost smrti,poci\u0165uj\u00ed strach a ot\u0159\u00e1s\u00e1 to jejich sv\u011btem.Definitivn\u00ed ch\u00e1p\u00e1n\u00ed smrti se pak vyv\u00edj\u00ed a\u017e okolo deseti let.Stejn\u011b jako pro dosp\u011bl\u00e9ho je pro d\u00edt\u011b v ka\u017ed\u00e9m v\u011bku d\u016fle\u017eit\u00e9 umo\u017enit mu truchlit, vzpom\u00ednat a nosit kv\u011btiny a sv\u00ed\u010dky na hrob.\u00a0D\u00edt\u011b nevy\u010dle\u0148ovat V\u011bt\u0161ina dosp\u011bl\u00fdch m\u00e1 tendenci se s d\u011btmi o smrti nebavit nebo odsunovat tyto rozhovory na pozd\u011bj\u0161\u00ed dobu. Nem\u016f\u017eeme je v\u0161ak vy\u010dle\u0148ovat ani uchr\u00e1nit p\u0159ed trag\u00e9diemi \u017eivota. D\u00edt\u011b se mus\u00ed u\u010dit ch\u00e1pat, \u017ee sv\u011bt nen\u00ed v\u017edy idylick\u00fd v tom, co lidem p\u0159in\u00e1\u0161\u00ed. P\u0159i tomto ch\u00e1p\u00e1n\u00ed v\u0161ak st\u00e1le mus\u00ed c\u00edtit na\u0161i bl\u00edzkost a bezpe\u010d\u00ed, kter\u00e9 mu poskytujeme a mus\u00ed m\u00edt mo\u017enost sd\u011blit, co c\u00edt\u00ed a \u010deho se boj\u00ed. Jsou p\u0159\u00edpady, kdy pravda\u00a0za ka\u017edou cenu nemus\u00ed b\u00fdt d\u011btem \u0159e\u010dena, v t\u00e9matu nejt\u011b\u017e\u0161\u00edm bu\u010fme v\u0161ak rad\u011bji up\u0159\u00edmn\u00ed.                                                                                                                                                                                                                                                                                                                                                                                        4.3\/5 - (3 votes)        "},{"@context":"https:\/\/schema.org\/","@type":"BreadcrumbList","itemListElement":[{"@type":"ListItem","position":1,"name":"Vysv\u011btlit d\u011btem smrt nebo ml\u010det?","item":"https:\/\/www.sorela.cz\/vysvetlit-detem-smrt-nebo-mlcet\/#breadcrumbitem"}]}]