[{"@context":"https:\/\/schema.org\/","@type":"Article","@id":"https:\/\/www.sorela.cz\/uzijte-si-pobytu-v-horach\/#Article","mainEntityOfPage":"https:\/\/www.sorela.cz\/uzijte-si-pobytu-v-horach\/","headline":"U\u017eijte si pobytu v hor\u00e1ch","name":"U\u017eijte si pobytu v hor\u00e1ch","description":"M\u00e1te r\u00e1di horsk\u00e9 pobyty, ale v \u010cesk\u00e9 republice ji\u017e nem\u016f\u017eete b\u00fdt ni\u010d\u00edm p\u0159ekvapeni? Jestli\u017ee ano a chcete n\u011bco zcela nov\u00e9ho, pod\u00edvejte se na to, co","datePublished":"2023-08-06","dateModified":"2023-08-06","author":{"@type":"Person","@id":"https:\/\/www.sorela.cz\/author\/#Person","name":"","url":"https:\/\/www.sorela.cz\/author\/","identifier":1,"image":{"@type":"ImageObject","@id":"https:\/\/secure.gravatar.com\/avatar\/4e6a74466e4227c12d5306875d08720cdfce3572213740db6f4a2e5e46e710ff?s=96&d=mm&r=g","url":"https:\/\/secure.gravatar.com\/avatar\/4e6a74466e4227c12d5306875d08720cdfce3572213740db6f4a2e5e46e710ff?s=96&d=mm&r=g","height":96,"width":96}},"publisher":{"@type":"Organization","name":"sorela.cz","logo":{"@type":"ImageObject","@id":"\/logo.png","url":"\/logo.png","width":600,"height":60}},"url":"https:\/\/www.sorela.cz\/uzijte-si-pobytu-v-horach\/","wordCount":248,"articleBody":"M\u00e1te r\u00e1di horsk\u00e9 pobyty, ale v \u010cesk\u00e9 republice ji\u017e nem\u016f\u017eete b\u00fdt ni\u010d\u00edm p\u0159ekvapeni? Jestli\u017ee ano a chcete n\u011bco zcela nov\u00e9ho, pod\u00edvejte se na to, co v\u00e1m nab\u00edz\u00ed \u010desk\u00fd penzion v Alp\u00e1ch. Tato mo\u017enost se v\u00e1m velmi zal\u00edb\u00ed p\u0159edev\u0161\u00edm d\u00edky tomu, \u017ee se zde pohodln\u011b domluv\u00edte rodn\u00fdm jazykem, ale tak\u00e9 d\u00edky tomu, \u017ee je to dostupn\u00e1 mo\u017enost, jak poznat kr\u00e1sn\u00e9 hory, a to Alpy. Vyrazte sem nap\u0159\u00edklad s rodinou a ud\u011blejte si nezapomenuteln\u00fd t\u00fdden v malebn\u00e9 p\u0159\u00edrod\u011b. Zajist\u00e9 si zde najdete svou z\u00e1bavu, nebo\u0165 toto prost\u0159ed\u00ed toho nab\u00edz\u00ed skute\u010dn\u011b hodn\u011b.Najdete zde ly\u017eov\u00e1n\u00ed, ale i relaxaciNez\u00e1le\u017e\u00ed na tom, zdali se rozhodnete do t\u011bchto hor vyrazit v l\u00e9t\u011b \u010di v zim\u011b. V\u0161e z\u00e1le\u017e\u00ed na va\u0161em vkusu a na tom, co chcete d\u011blat. V l\u00e9t\u011b je zde mo\u017enost provozovat nejr\u016fzn\u011bj\u0161\u00ed aktivity, ale i si p\u0159\u00edjemn\u011b odpo\u010dinout. To sam\u00e9 m\u016f\u017eete ud\u011blat i v zim\u011b. Jist\u011b ale rad\u011bji d\u00e1te p\u0159ednost kvalitn\u00edmu ly\u017eov\u00e1n\u00ed, ne\u017e relaxaci, kter\u00e9 si m\u016f\u017eete u\u017e\u00edt kdekoliv jinde. Co se ale t\u00fdk\u00e1 l\u00e9ta, jist\u011b nenajdete kr\u00e1sn\u011bj\u0161\u00ed a malebn\u011bj\u0161\u00ed p\u0159\u00edrodu, ne\u017e pr\u00e1v\u011b v t\u011bchto kon\u010din\u00e1ch. Proto to zkuste tak\u00e9 a nebudete litovat.                                                                                                                                                                                                                                                                                                                                                                                        3.4\/5 - (9 votes)        "},{"@context":"https:\/\/schema.org\/","@type":"BreadcrumbList","itemListElement":[{"@type":"ListItem","position":1,"name":"U\u017eijte si pobytu v hor\u00e1ch","item":"https:\/\/www.sorela.cz\/uzijte-si-pobytu-v-horach\/#breadcrumbitem"}]}]