{"@context":"https:\/\/schema.org\/","@type":"CollectionPage","@id":"https:\/\/www.sorela.cz\/podnikani\/#CollectionPage","headline":"Podnik\u00e1n\u00ed Category","description":"","url":"https:\/\/www.sorela.cz\/podnikani\/","hasPart":[{"@type":"Article","@id":"https:\/\/www.sorela.cz\/jak-usetrit-na-svatebnich-satech\/","headline":"Jak u\u0161et\u0159it na svatebn\u00edch \u0161atech?","url":"https:\/\/www.sorela.cz\/jak-usetrit-na-svatebnich-satech\/","datePublished":"2024-11-19","dateModified":"2024-11-19","mainEntityOfPage":"https:\/\/www.sorela.cz\/jak-usetrit-na-svatebnich-satech\/","author":{"@type":"Person","@id":"https:\/\/www.sorela.cz\/author\/#Person","name":"","url":"https:\/\/www.sorela.cz\/author\/","identifier":1,"image":{"@type":"ImageObject","@id":"https:\/\/secure.gravatar.com\/avatar\/4e6a74466e4227c12d5306875d08720cdfce3572213740db6f4a2e5e46e710ff?s=96&d=mm&r=g","url":"https:\/\/secure.gravatar.com\/avatar\/4e6a74466e4227c12d5306875d08720cdfce3572213740db6f4a2e5e46e710ff?s=96&d=mm&r=g","height":96,"width":96}},"publisher":{"@type":"Organization","name":"sorela.cz","logo":{"@type":"ImageObject","@id":"\/logo.png","url":"\/logo.png","width":600,"height":60}},"image":{"@type":"ImageObject","@id":"https:\/\/www.sorela.cz\/wp-content\/uploads\/drew-hays-9YJayCkeVqE-unsplash_1.jpg","url":"https:\/\/www.sorela.cz\/wp-content\/uploads\/drew-hays-9YJayCkeVqE-unsplash_1.jpg","height":0,"width":0},"keywords":null},{"@type":"Article","@id":"https:\/\/www.sorela.cz\/k-cemu-slouzi-informacni-model-budovy\/","headline":"K \u010demu slou\u017e\u00ed informa\u010dn\u00ed model budovy","url":"https:\/\/www.sorela.cz\/k-cemu-slouzi-informacni-model-budovy\/","datePublished":"2024-04-13","dateModified":"2024-04-13","mainEntityOfPage":"https:\/\/www.sorela.cz\/k-cemu-slouzi-informacni-model-budovy\/","author":{"@type":"Person","@id":"https:\/\/www.sorela.cz\/author\/#Person","name":"","url":"https:\/\/www.sorela.cz\/author\/","identifier":1,"image":{"@type":"ImageObject","@id":"https:\/\/secure.gravatar.com\/avatar\/4e6a74466e4227c12d5306875d08720cdfce3572213740db6f4a2e5e46e710ff?s=96&d=mm&r=g","url":"https:\/\/secure.gravatar.com\/avatar\/4e6a74466e4227c12d5306875d08720cdfce3572213740db6f4a2e5e46e710ff?s=96&d=mm&r=g","height":96,"width":96}},"publisher":{"@type":"Organization","name":"sorela.cz","logo":{"@type":"ImageObject","@id":"\/logo.png","url":"\/logo.png","width":600,"height":60}},"image":{"@type":"ImageObject","@id":"https:\/\/www.sorela.cz\/wp-content\/uploads\/stavba5_3.jpg","url":"https:\/\/www.sorela.cz\/wp-content\/uploads\/stavba5_3.jpg","height":0,"width":0},"keywords":null},{"@type":"Article","@id":"https:\/\/www.sorela.cz\/cestovani-je-zabava\/","headline":"Cestov\u00e1n\u00ed je z\u00e1bava","url":"https:\/\/www.sorela.cz\/cestovani-je-zabava\/","datePublished":"2024-03-17","dateModified":"2024-04-17","mainEntityOfPage":"https:\/\/www.sorela.cz\/cestovani-je-zabava\/","author":{"@type":"Person","@id":"https:\/\/www.sorela.cz\/author\/#Person","name":"","url":"https:\/\/www.sorela.cz\/author\/","identifier":1,"image":{"@type":"ImageObject","@id":"https:\/\/secure.gravatar.com\/avatar\/4e6a74466e4227c12d5306875d08720cdfce3572213740db6f4a2e5e46e710ff?s=96&d=mm&r=g","url":"https:\/\/secure.gravatar.com\/avatar\/4e6a74466e4227c12d5306875d08720cdfce3572213740db6f4a2e5e46e710ff?s=96&d=mm&r=g","height":96,"width":96}},"publisher":{"@type":"Organization","name":"sorela.cz","logo":{"@type":"ImageObject","@id":"\/logo.png","url":"\/logo.png","width":600,"height":60}},"image":{"@type":"ImageObject","@id":"https:\/\/www.sorela.cz\/wp-content\/uploads\/pexels-pixabay-164595_7.jpg","url":"https:\/\/www.sorela.cz\/wp-content\/uploads\/pexels-pixabay-164595_7.jpg","height":0,"width":0},"keywords":null},{"@type":"Article","@id":"https:\/\/www.sorela.cz\/stehovani-firem-v-praze-stoji-a-pada-na-komunikaci\/","headline":"St\u011bhov\u00e1n\u00ed firem v Praze stoj\u00ed a pad\u00e1 na komunikaci","url":"https:\/\/www.sorela.cz\/stehovani-firem-v-praze-stoji-a-pada-na-komunikaci\/","datePublished":"2024-02-19","dateModified":"2024-02-19","mainEntityOfPage":"https:\/\/www.sorela.cz\/stehovani-firem-v-praze-stoji-a-pada-na-komunikaci\/","author":{"@type":"Person","@id":"https:\/\/www.sorela.cz\/author\/#Person","name":"","url":"https:\/\/www.sorela.cz\/author\/","identifier":1,"image":{"@type":"ImageObject","@id":"https:\/\/secure.gravatar.com\/avatar\/4e6a74466e4227c12d5306875d08720cdfce3572213740db6f4a2e5e46e710ff?s=96&d=mm&r=g","url":"https:\/\/secure.gravatar.com\/avatar\/4e6a74466e4227c12d5306875d08720cdfce3572213740db6f4a2e5e46e710ff?s=96&d=mm&r=g","height":96,"width":96}},"publisher":{"@type":"Organization","name":"sorela.cz","logo":{"@type":"ImageObject","@id":"\/logo.png","url":"\/logo.png","width":600,"height":60}},"image":{"@type":"ImageObject","@id":"https:\/\/www.sorela.cz\/wp-content\/uploads\/job-5382501_640_1.jpg","url":"https:\/\/www.sorela.cz\/wp-content\/uploads\/job-5382501_640_1.jpg","height":0,"width":0},"keywords":null},{"@type":"Article","@id":"https:\/\/www.sorela.cz\/rozjedte-to\/","headline":"Rozje\u010fte to","url":"https:\/\/www.sorela.cz\/rozjedte-to\/","datePublished":"2024-02-13","dateModified":"2024-03-13","mainEntityOfPage":"https:\/\/www.sorela.cz\/rozjedte-to\/","author":{"@type":"Person","@id":"https:\/\/www.sorela.cz\/author\/#Person","name":"","url":"https:\/\/www.sorela.cz\/author\/","identifier":1,"image":{"@type":"ImageObject","@id":"https:\/\/secure.gravatar.com\/avatar\/4e6a74466e4227c12d5306875d08720cdfce3572213740db6f4a2e5e46e710ff?s=96&d=mm&r=g","url":"https:\/\/secure.gravatar.com\/avatar\/4e6a74466e4227c12d5306875d08720cdfce3572213740db6f4a2e5e46e710ff?s=96&d=mm&r=g","height":96,"width":96}},"publisher":{"@type":"Organization","name":"sorela.cz","logo":{"@type":"ImageObject","@id":"\/logo.png","url":"\/logo.png","width":600,"height":60}},"image":{"@type":"ImageObject","@id":"https:\/\/www.sorela.cz\/wp-content\/uploads\/pexels-cottonbro-studio-3171837_4.jpg","url":"https:\/\/www.sorela.cz\/wp-content\/uploads\/pexels-cottonbro-studio-3171837_4.jpg","height":0,"width":0},"keywords":null},{"@type":"Article","@id":"https:\/\/www.sorela.cz\/co-vam-prinesou-fve-panely-na-strese\/","headline":"Co v\u00e1m p\u0159inesou FVE panely na st\u0159e\u0161e","url":"https:\/\/www.sorela.cz\/co-vam-prinesou-fve-panely-na-strese\/","datePublished":"2024-01-13","dateModified":"2024-01-13","mainEntityOfPage":"https:\/\/www.sorela.cz\/co-vam-prinesou-fve-panely-na-strese\/","author":{"@type":"Person","@id":"https:\/\/www.sorela.cz\/author\/#Person","name":"","url":"https:\/\/www.sorela.cz\/author\/","identifier":1,"image":{"@type":"ImageObject","@id":"https:\/\/secure.gravatar.com\/avatar\/4e6a74466e4227c12d5306875d08720cdfce3572213740db6f4a2e5e46e710ff?s=96&d=mm&r=g","url":"https:\/\/secure.gravatar.com\/avatar\/4e6a74466e4227c12d5306875d08720cdfce3572213740db6f4a2e5e46e710ff?s=96&d=mm&r=g","height":96,"width":96}},"publisher":{"@type":"Organization","name":"sorela.cz","logo":{"@type":"ImageObject","@id":"\/logo.png","url":"\/logo.png","width":600,"height":60}},"image":{"@type":"ImageObject","@id":"https:\/\/www.sorela.cz\/wp-content\/uploads\/photovoltaic-4525177_640_1.jpg","url":"https:\/\/www.sorela.cz\/wp-content\/uploads\/photovoltaic-4525177_640_1.jpg","height":0,"width":0},"keywords":null},{"@type":"Article","@id":"https:\/\/www.sorela.cz\/bouraci-prace-uklidnuji-mysl-ale\/","headline":"Bourac\u00ed pr\u00e1ce uklid\u0148uj\u00ed mysl, ale&#8230;","url":"https:\/\/www.sorela.cz\/bouraci-prace-uklidnuji-mysl-ale\/","datePublished":"2023-11-22","dateModified":"2024-01-23","mainEntityOfPage":"https:\/\/www.sorela.cz\/bouraci-prace-uklidnuji-mysl-ale\/","author":{"@type":"Person","@id":"https:\/\/www.sorela.cz\/author\/#Person","name":"","url":"https:\/\/www.sorela.cz\/author\/","identifier":1,"image":{"@type":"ImageObject","@id":"https:\/\/secure.gravatar.com\/avatar\/4e6a74466e4227c12d5306875d08720cdfce3572213740db6f4a2e5e46e710ff?s=96&d=mm&r=g","url":"https:\/\/secure.gravatar.com\/avatar\/4e6a74466e4227c12d5306875d08720cdfce3572213740db6f4a2e5e46e710ff?s=96&d=mm&r=g","height":96,"width":96}},"publisher":{"@type":"Organization","name":"sorela.cz","logo":{"@type":"ImageObject","@id":"\/logo.png","url":"\/logo.png","width":600,"height":60}},"image":{"@type":"ImageObject","@id":"https:\/\/www.sorela.cz\/wp-content\/uploads\/demolition-855079_640_2.jpg","url":"https:\/\/www.sorela.cz\/wp-content\/uploads\/demolition-855079_640_2.jpg","height":0,"width":0},"keywords":null},{"@type":"Article","@id":"https:\/\/www.sorela.cz\/uklid-bytu-po-rekonstrukci-prenechejte-profesionalum\/","headline":"\u00daklid bytu po rekonstrukci p\u0159enechejte profesion\u00e1l\u016fm","url":"https:\/\/www.sorela.cz\/uklid-bytu-po-rekonstrukci-prenechejte-profesionalum\/","datePublished":"2023-10-13","dateModified":"2023-10-13","mainEntityOfPage":"https:\/\/www.sorela.cz\/uklid-bytu-po-rekonstrukci-prenechejte-profesionalum\/","author":{"@type":"Person","@id":"https:\/\/www.sorela.cz\/author\/#Person","name":"","url":"https:\/\/www.sorela.cz\/author\/","identifier":1,"image":{"@type":"ImageObject","@id":"https:\/\/secure.gravatar.com\/avatar\/4e6a74466e4227c12d5306875d08720cdfce3572213740db6f4a2e5e46e710ff?s=96&d=mm&r=g","url":"https:\/\/secure.gravatar.com\/avatar\/4e6a74466e4227c12d5306875d08720cdfce3572213740db6f4a2e5e46e710ff?s=96&d=mm&r=g","height":96,"width":96}},"publisher":{"@type":"Organization","name":"sorela.cz","logo":{"@type":"ImageObject","@id":"\/logo.png","url":"\/logo.png","width":600,"height":60}},"image":{"@type":"ImageObject","@id":"https:\/\/www.sorela.cz\/wp-content\/uploads\/interior-2596976_640_1.jpg","url":"https:\/\/www.sorela.cz\/wp-content\/uploads\/interior-2596976_640_1.jpg","height":0,"width":0},"keywords":null},{"@type":"Article","@id":"https:\/\/www.sorela.cz\/hledate-noveho-clena-rodiny\/","headline":"Hled\u00e1te nov\u00e9ho \u010dlena rodiny?","url":"https:\/\/www.sorela.cz\/hledate-noveho-clena-rodiny\/","datePublished":"2023-09-20","dateModified":"2023-10-20","mainEntityOfPage":"https:\/\/www.sorela.cz\/hledate-noveho-clena-rodiny\/","author":{"@type":"Person","@id":"https:\/\/www.sorela.cz\/author\/#Person","name":"","url":"https:\/\/www.sorela.cz\/author\/","identifier":1,"image":{"@type":"ImageObject","@id":"https:\/\/secure.gravatar.com\/avatar\/4e6a74466e4227c12d5306875d08720cdfce3572213740db6f4a2e5e46e710ff?s=96&d=mm&r=g","url":"https:\/\/secure.gravatar.com\/avatar\/4e6a74466e4227c12d5306875d08720cdfce3572213740db6f4a2e5e46e710ff?s=96&d=mm&r=g","height":96,"width":96}},"publisher":{"@type":"Organization","name":"sorela.cz","logo":{"@type":"ImageObject","@id":"\/logo.png","url":"\/logo.png","width":600,"height":60}},"image":{"@type":"ImageObject","@id":"https:\/\/www.sorela.cz\/wp-content\/uploads\/akita-2534986_640_10_10_5.jpg","url":"https:\/\/www.sorela.cz\/wp-content\/uploads\/akita-2534986_640_10_10_5.jpg","height":0,"width":0},"keywords":null},{"@type":"Article","@id":"https:\/\/www.sorela.cz\/kdy-se-vyplati-svepomocna-rekonstrukce-chaty\/","headline":"Kdy se vyplat\u00ed sv\u00e9pomocn\u00e1 rekonstrukce chaty","url":"https:\/\/www.sorela.cz\/kdy-se-vyplati-svepomocna-rekonstrukce-chaty\/","datePublished":"2023-06-20","dateModified":"2023-07-20","mainEntityOfPage":"https:\/\/www.sorela.cz\/kdy-se-vyplati-svepomocna-rekonstrukce-chaty\/","author":{"@type":"Person","@id":"https:\/\/www.sorela.cz\/author\/#Person","name":"","url":"https:\/\/www.sorela.cz\/author\/","identifier":1,"image":{"@type":"ImageObject","@id":"https:\/\/secure.gravatar.com\/avatar\/4e6a74466e4227c12d5306875d08720cdfce3572213740db6f4a2e5e46e710ff?s=96&d=mm&r=g","url":"https:\/\/secure.gravatar.com\/avatar\/4e6a74466e4227c12d5306875d08720cdfce3572213740db6f4a2e5e46e710ff?s=96&d=mm&r=g","height":96,"width":96}},"publisher":{"@type":"Organization","name":"sorela.cz","logo":{"@type":"ImageObject","@id":"\/logo.png","url":"\/logo.png","width":600,"height":60}},"image":{"@type":"ImageObject","@id":"https:\/\/www.sorela.cz\/wp-content\/uploads\/container-537724_640_1.jpg","url":"https:\/\/www.sorela.cz\/wp-content\/uploads\/container-537724_640_1.jpg","height":0,"width":0},"keywords":null}]}