[{"@context":"https:\/\/schema.org\/","@type":"Blog","@id":"https:\/\/www.sorela.cz#Blog","headline":"Sorela","description":"\nPokud na internetu n\u011bco sh\u00e1n\u00edte, ale po\u0159\u00e1d ne a ne naj\u00edt to prav\u00e9, m\u016f\u017ee b\u00fdt probl\u00e9m t\u0159eba i v tom, \u017ee jste nenav\u0161t\u00edvili n\u00e1\u0161 web. A to byste m\u011bli zm\u011bnit.","url":"https:\/\/www.sorela.cz","hasPart":[{"@type":"Article","@id":"https:\/\/www.sorela.cz\/jedinecne-a-svezi-ovocne-stavy\/","headline":"Jedine\u010dn\u00e9 a sv\u011b\u017e\u00ed ovocn\u00e9 \u0161\u0165\u00e1vy","url":"https:\/\/www.sorela.cz\/jedinecne-a-svezi-ovocne-stavy\/","datePublished":"2025-06-07","dateModified":"2025-06-07","mainEntityOfPage":"https:\/\/www.sorela.cz\/jedinecne-a-svezi-ovocne-stavy\/","author":{"@type":"Person","@id":"https:\/\/www.sorela.cz\/author\/#Person","name":"","url":"https:\/\/www.sorela.cz\/author\/","identifier":1,"image":{"@type":"ImageObject","@id":"https:\/\/secure.gravatar.com\/avatar\/4e6a74466e4227c12d5306875d08720cdfce3572213740db6f4a2e5e46e710ff?s=96&d=mm&r=g","url":"https:\/\/secure.gravatar.com\/avatar\/4e6a74466e4227c12d5306875d08720cdfce3572213740db6f4a2e5e46e710ff?s=96&d=mm&r=g","height":96,"width":96}},"publisher":{"@type":"Organization","name":"sorela.cz","logo":{"@type":"ImageObject","@id":"\/logo.png","url":"\/logo.png","width":600,"height":60}},"image":null,"wordCount":220,"keywords":null},{"@type":"Article","@id":"https:\/\/www.sorela.cz\/pobyt-co-maji-cesi-radi\/","headline":"Pobyt, co maj\u00ed \u010ce\u0161i r\u00e1di","url":"https:\/\/www.sorela.cz\/pobyt-co-maji-cesi-radi\/","datePublished":"2025-05-28","dateModified":"2025-05-28","mainEntityOfPage":"https:\/\/www.sorela.cz\/pobyt-co-maji-cesi-radi\/","author":{"@type":"Person","@id":"https:\/\/www.sorela.cz\/author\/#Person","name":"","url":"https:\/\/www.sorela.cz\/author\/","identifier":1,"image":{"@type":"ImageObject","@id":"https:\/\/secure.gravatar.com\/avatar\/4e6a74466e4227c12d5306875d08720cdfce3572213740db6f4a2e5e46e710ff?s=96&d=mm&r=g","url":"https:\/\/secure.gravatar.com\/avatar\/4e6a74466e4227c12d5306875d08720cdfce3572213740db6f4a2e5e46e710ff?s=96&d=mm&r=g","height":96,"width":96}},"publisher":{"@type":"Organization","name":"sorela.cz","logo":{"@type":"ImageObject","@id":"\/logo.png","url":"\/logo.png","width":600,"height":60}},"image":null,"wordCount":218,"keywords":null},{"@type":"Article","@id":"https:\/\/www.sorela.cz\/odpocinek-u-more\/","headline":"Odpo\u010dinek u mo\u0159e","url":"https:\/\/www.sorela.cz\/odpocinek-u-more\/","datePublished":"2025-05-22","dateModified":"2025-05-22","mainEntityOfPage":"https:\/\/www.sorela.cz\/odpocinek-u-more\/","author":{"@type":"Person","@id":"https:\/\/www.sorela.cz\/author\/#Person","name":"","url":"https:\/\/www.sorela.cz\/author\/","identifier":1,"image":{"@type":"ImageObject","@id":"https:\/\/secure.gravatar.com\/avatar\/4e6a74466e4227c12d5306875d08720cdfce3572213740db6f4a2e5e46e710ff?s=96&d=mm&r=g","url":"https:\/\/secure.gravatar.com\/avatar\/4e6a74466e4227c12d5306875d08720cdfce3572213740db6f4a2e5e46e710ff?s=96&d=mm&r=g","height":96,"width":96}},"publisher":{"@type":"Organization","name":"sorela.cz","logo":{"@type":"ImageObject","@id":"\/logo.png","url":"\/logo.png","width":600,"height":60}},"image":null,"wordCount":228,"keywords":null},{"@type":"Article","@id":"https:\/\/www.sorela.cz\/chci-zpet-do-byvaleho-tela\/","headline":"Chci zp\u011bt do b\u00fdval\u00e9ho t\u011bla","url":"https:\/\/www.sorela.cz\/chci-zpet-do-byvaleho-tela\/","datePublished":"2025-05-15","dateModified":"2025-05-15","mainEntityOfPage":"https:\/\/www.sorela.cz\/chci-zpet-do-byvaleho-tela\/","author":{"@type":"Person","@id":"https:\/\/www.sorela.cz\/author\/#Person","name":"","url":"https:\/\/www.sorela.cz\/author\/","identifier":1,"image":{"@type":"ImageObject","@id":"https:\/\/secure.gravatar.com\/avatar\/4e6a74466e4227c12d5306875d08720cdfce3572213740db6f4a2e5e46e710ff?s=96&d=mm&r=g","url":"https:\/\/secure.gravatar.com\/avatar\/4e6a74466e4227c12d5306875d08720cdfce3572213740db6f4a2e5e46e710ff?s=96&d=mm&r=g","height":96,"width":96}},"publisher":{"@type":"Organization","name":"sorela.cz","logo":{"@type":"ImageObject","@id":"\/logo.png","url":"\/logo.png","width":600,"height":60}},"image":{"@type":"ImageObject","@id":"https:\/\/www.sorela.cz\/wp-content\/uploads\/art286082_3x2_20260816_132241_2bfRte.jpg","url":"https:\/\/www.sorela.cz\/wp-content\/uploads\/art286082_3x2_20260816_132241_2bfRte.jpg","height":0,"width":0},"wordCount":534,"keywords":null},{"@type":"Article","@id":"https:\/\/www.sorela.cz\/vanocni-tvoreni-pro-rodice-s-detmi\/","headline":"V\u00e1no\u010dn\u00ed tvo\u0159en\u00ed pro rodi\u010de s d\u011btmi","url":"https:\/\/www.sorela.cz\/vanocni-tvoreni-pro-rodice-s-detmi\/","datePublished":"2025-05-15","dateModified":"2025-05-15","mainEntityOfPage":"https:\/\/www.sorela.cz\/vanocni-tvoreni-pro-rodice-s-detmi\/","author":{"@type":"Person","@id":"https:\/\/www.sorela.cz\/author\/#Person","name":"","url":"https:\/\/www.sorela.cz\/author\/","identifier":1,"image":{"@type":"ImageObject","@id":"https:\/\/secure.gravatar.com\/avatar\/4e6a74466e4227c12d5306875d08720cdfce3572213740db6f4a2e5e46e710ff?s=96&d=mm&r=g","url":"https:\/\/secure.gravatar.com\/avatar\/4e6a74466e4227c12d5306875d08720cdfce3572213740db6f4a2e5e46e710ff?s=96&d=mm&r=g","height":96,"width":96}},"publisher":{"@type":"Organization","name":"sorela.cz","logo":{"@type":"ImageObject","@id":"\/logo.png","url":"\/logo.png","width":600,"height":60}},"image":{"@type":"ImageObject","@id":"https:\/\/www.sorela.cz\/wp-content\/uploads\/img_a301078_w1927_t1511186396.jpg","url":"https:\/\/www.sorela.cz\/wp-content\/uploads\/img_a301078_w1927_t1511186396.jpg","height":0,"width":0},"wordCount":628,"keywords":null},{"@type":"Article","@id":"https:\/\/www.sorela.cz\/co-byste-delali-kdyby-byl-tento-den-vasim-poslednim\/","headline":"Co byste d\u011blali, kdyby byl tento den va\u0161im posledn\u00edm?","url":"https:\/\/www.sorela.cz\/co-byste-delali-kdyby-byl-tento-den-vasim-poslednim\/","datePublished":"2025-05-14","dateModified":"2025-05-14","mainEntityOfPage":"https:\/\/www.sorela.cz\/co-byste-delali-kdyby-byl-tento-den-vasim-poslednim\/","author":{"@type":"Person","@id":"https:\/\/www.sorela.cz\/author\/#Person","name":"","url":"https:\/\/www.sorela.cz\/author\/","identifier":1,"image":{"@type":"ImageObject","@id":"https:\/\/secure.gravatar.com\/avatar\/4e6a74466e4227c12d5306875d08720cdfce3572213740db6f4a2e5e46e710ff?s=96&d=mm&r=g","url":"https:\/\/secure.gravatar.com\/avatar\/4e6a74466e4227c12d5306875d08720cdfce3572213740db6f4a2e5e46e710ff?s=96&d=mm&r=g","height":96,"width":96}},"publisher":{"@type":"Organization","name":"sorela.cz","logo":{"@type":"ImageObject","@id":"\/logo.png","url":"\/logo.png","width":600,"height":60}},"image":null,"wordCount":1017,"keywords":null},{"@type":"Article","@id":"https:\/\/www.sorela.cz\/spolehlivy-sklad-pro-vsechny\/","headline":"Spolehliv\u00fd sklad pro v\u0161echny","url":"https:\/\/www.sorela.cz\/spolehlivy-sklad-pro-vsechny\/","datePublished":"2025-05-13","dateModified":"2025-05-13","mainEntityOfPage":"https:\/\/www.sorela.cz\/spolehlivy-sklad-pro-vsechny\/","author":{"@type":"Person","@id":"https:\/\/www.sorela.cz\/author\/#Person","name":"","url":"https:\/\/www.sorela.cz\/author\/","identifier":1,"image":{"@type":"ImageObject","@id":"https:\/\/secure.gravatar.com\/avatar\/4e6a74466e4227c12d5306875d08720cdfce3572213740db6f4a2e5e46e710ff?s=96&d=mm&r=g","url":"https:\/\/secure.gravatar.com\/avatar\/4e6a74466e4227c12d5306875d08720cdfce3572213740db6f4a2e5e46e710ff?s=96&d=mm&r=g","height":96,"width":96}},"publisher":{"@type":"Organization","name":"sorela.cz","logo":{"@type":"ImageObject","@id":"\/logo.png","url":"\/logo.png","width":600,"height":60}},"image":null,"wordCount":264,"keywords":null},{"@type":"Article","@id":"https:\/\/www.sorela.cz\/vysvetlit-detem-smrt-nebo-mlcet\/","headline":"Vysv\u011btlit d\u011btem smrt nebo ml\u010det?","url":"https:\/\/www.sorela.cz\/vysvetlit-detem-smrt-nebo-mlcet\/","datePublished":"2025-05-12","dateModified":"2025-05-12","mainEntityOfPage":"https:\/\/www.sorela.cz\/vysvetlit-detem-smrt-nebo-mlcet\/","author":{"@type":"Person","@id":"https:\/\/www.sorela.cz\/author\/#Person","name":"","url":"https:\/\/www.sorela.cz\/author\/","identifier":1,"image":{"@type":"ImageObject","@id":"https:\/\/secure.gravatar.com\/avatar\/4e6a74466e4227c12d5306875d08720cdfce3572213740db6f4a2e5e46e710ff?s=96&d=mm&r=g","url":"https:\/\/secure.gravatar.com\/avatar\/4e6a74466e4227c12d5306875d08720cdfce3572213740db6f4a2e5e46e710ff?s=96&d=mm&r=g","height":96,"width":96}},"publisher":{"@type":"Organization","name":"sorela.cz","logo":{"@type":"ImageObject","@id":"\/logo.png","url":"\/logo.png","width":600,"height":60}},"image":{"@type":"ImageObject","@id":"https:\/\/www.sorela.cz\/wp-content\/uploads\/art292388_3x2_20260815_231552_Hq6XIh.jpg","url":"https:\/\/www.sorela.cz\/wp-content\/uploads\/art292388_3x2_20260815_231552_Hq6XIh.jpg","height":0,"width":0},"wordCount":535,"keywords":null},{"@type":"Article","@id":"https:\/\/www.sorela.cz\/kam-se-vydat-za-hranice-v-jarnich-mesicich\/","headline":"Kam se vydat za hranice v jarn\u00edch m\u011bs\u00edc\u00edch","url":"https:\/\/www.sorela.cz\/kam-se-vydat-za-hranice-v-jarnich-mesicich\/","datePublished":"2025-05-11","dateModified":"2025-05-11","mainEntityOfPage":"https:\/\/www.sorela.cz\/kam-se-vydat-za-hranice-v-jarnich-mesicich\/","author":{"@type":"Person","@id":"https:\/\/www.sorela.cz\/author\/#Person","name":"","url":"https:\/\/www.sorela.cz\/author\/","identifier":1,"image":{"@type":"ImageObject","@id":"https:\/\/secure.gravatar.com\/avatar\/4e6a74466e4227c12d5306875d08720cdfce3572213740db6f4a2e5e46e710ff?s=96&d=mm&r=g","url":"https:\/\/secure.gravatar.com\/avatar\/4e6a74466e4227c12d5306875d08720cdfce3572213740db6f4a2e5e46e710ff?s=96&d=mm&r=g","height":96,"width":96}},"publisher":{"@type":"Organization","name":"sorela.cz","logo":{"@type":"ImageObject","@id":"\/logo.png","url":"\/logo.png","width":600,"height":60}},"image":{"@type":"ImageObject","@id":"https:\/\/www.sorela.cz\/wp-content\/uploads\/art281971_4x3_20260621_145034_nWebdT.jpg","url":"https:\/\/www.sorela.cz\/wp-content\/uploads\/art281971_4x3_20260621_145034_nWebdT.jpg","height":0,"width":0},"wordCount":507,"keywords":null},{"@type":"Article","@id":"https:\/\/www.sorela.cz\/nemate-penize-na-dovolenou-u-more\/","headline":"Nem\u00e1te pen\u00edze na dovolenou u mo\u0159e?","url":"https:\/\/www.sorela.cz\/nemate-penize-na-dovolenou-u-more\/","datePublished":"2025-05-08","dateModified":"2025-05-08","mainEntityOfPage":"https:\/\/www.sorela.cz\/nemate-penize-na-dovolenou-u-more\/","author":{"@type":"Person","@id":"https:\/\/www.sorela.cz\/author\/#Person","name":"","url":"https:\/\/www.sorela.cz\/author\/","identifier":1,"image":{"@type":"ImageObject","@id":"https:\/\/secure.gravatar.com\/avatar\/4e6a74466e4227c12d5306875d08720cdfce3572213740db6f4a2e5e46e710ff?s=96&d=mm&r=g","url":"https:\/\/secure.gravatar.com\/avatar\/4e6a74466e4227c12d5306875d08720cdfce3572213740db6f4a2e5e46e710ff?s=96&d=mm&r=g","height":96,"width":96}},"publisher":{"@type":"Organization","name":"sorela.cz","logo":{"@type":"ImageObject","@id":"\/logo.png","url":"\/logo.png","width":600,"height":60}},"image":null,"wordCount":263,"keywords":null}]},{"@context":"https:\/\/schema.org","@type":"WebSite","@id":"https:\/\/www.sorela.cz\/#website","name":"Sorela","url":"https:\/\/www.sorela.cz","potentialAction":{"@type":"SearchAction","target":"https:\/\/www.sorela.cz\/?s={search_term_string}","query-input":"required name=search_term_string"}}]