[{"@context":"https:\/\/schema.org\/","@type":"Article","@id":"https:\/\/www.sorela.cz\/kam-se-vydat-za-hranice-v-jarnich-mesicich\/#Article","mainEntityOfPage":"https:\/\/www.sorela.cz\/kam-se-vydat-za-hranice-v-jarnich-mesicich\/","headline":"Kam se vydat za hranice v jarn\u00edch m\u011bs\u00edc\u00edch","name":"Kam se vydat za hranice v jarn\u00edch m\u011bs\u00edc\u00edch","description":"Pomalu ale jist\u011b se zbavujeme leto\u0161n\u00ed zimy a na \u0159adu p\u0159ijde jaro. Je doslova za dve\u0159mi \u2013 dny se prodlu\u017euj\u00ed a sn\u00edh vyst\u0159\u00eddal d\u00e9\u0161\u0165. Obleva","datePublished":"2025-05-11","dateModified":"2025-05-11","author":{"@type":"Person","@id":"https:\/\/www.sorela.cz\/author\/#Person","name":"","url":"https:\/\/www.sorela.cz\/author\/","identifier":1,"image":{"@type":"ImageObject","@id":"https:\/\/secure.gravatar.com\/avatar\/4e6a74466e4227c12d5306875d08720cdfce3572213740db6f4a2e5e46e710ff?s=96&d=mm&r=g","url":"https:\/\/secure.gravatar.com\/avatar\/4e6a74466e4227c12d5306875d08720cdfce3572213740db6f4a2e5e46e710ff?s=96&d=mm&r=g","height":96,"width":96}},"publisher":{"@type":"Organization","name":"sorela.cz","logo":{"@type":"ImageObject","@id":"\/logo.png","url":"\/logo.png","width":600,"height":60}},"url":"https:\/\/www.sorela.cz\/kam-se-vydat-za-hranice-v-jarnich-mesicich\/","wordCount":407,"articleBody":"Pomalu ale jist\u011b se zbavujeme leto\u0161n\u00ed zimy a na \u0159adu p\u0159ijde jaro. Je doslova za dve\u0159mi \u2013 dny se prodlu\u017euj\u00ed a sn\u00edh vyst\u0159\u00eddal d\u00e9\u0161\u0165. Obleva u\u017e postupuje i do hor a my se p\u0159ipravujeme na to, \u017ee se brzy za\u010dne oteplovat. Slunce u\u017e m\u00e1 s\u00edlu a sn\u011bhu ub\u00fdv\u00e1 i ve vy\u0161\u0161\u00edch poloh\u00e1ch. Nejsp\u00ed\u0161 je na \u010dase p\u0159em\u00fd\u0161let o tom, kam se vydat o jarn\u00edch pr\u00e1zdnin\u00e1ch, nebo o Velikonoc\u00edch, p\u0159\u00edpadn\u011b kam se pod\u00edvat po Evrop\u011b na prodlou\u017een\u00fd v\u00edkend. Kam se vydat, abychom si p\u0159ipomn\u011bli teplo a p\u0159epnuli t\u011blo do jarn\u00edho re\u017eimu se v\u0161\u00ed par\u00e1dou? To v\u00e1m porad\u00edme pr\u00e1v\u011b v tomto \u010dl\u00e1nku. Kypr  Na ja\u0159e je nejlep\u0161\u00ed zam\u00ed\u0159it do st\u0159edomo\u0159\u00ed. A pro\u010d pr\u00e1v\u011b tam? Proto\u017ee to nen\u00ed \u00fapln\u011b daleko a nav\u00edc tam te\u010f nen\u00ed sezona, tak\u017ee to znamen\u00e1, \u017ee m\u011bsta nebudou p\u0159epln\u011bn\u00e1 a pokud m\u00e1te v pl\u00e1nu si nap\u0159\u00edklad prohl\u00ed\u017eet pam\u00e1tky nebo se proch\u00e1zet v p\u0159\u00edrod\u011b \u010di si u\u017e\u00edt n\u00e1dhern\u00e9 scen\u00e9rie, rozhodn\u011b byste nem\u011bli vynechat jarn\u00ed Kypr. A co v\u0161echno na Kypru m\u016f\u017eete objevit? &#8211; P\u0159\u00e1telskou atmosf\u00e9ru &#8211; St\u0159edomo\u0159sk\u00e9 podneb\u00ed  &#8211; Zemi bohatou na historii a pam\u00e1tky  &#8211; Kvetouc\u00ed p\u0159\u00edrodu doslova v\u0161ude, kam se pod\u00edv\u00e1te  M\u016f\u017eete se vydat na trek, na kola, nebo si ostrov prohl\u00e9dnout na motok\u00e1r\u00e1ch \u010di motork\u00e1ch. Proch\u00e1zky ale tak\u00e9 nezahazujte, zvl\u00e1\u0161t\u011b v Pafosu jich najdete v\u00edc ne\u017e dost. Provence Ji\u017en\u00ed \u010d\u00e1st pob\u0159e\u017e\u00ed p\u0159\u00edmo l\u00e1k\u00e1 k jarn\u00ed romantice. V\u0161echno tu kvete, slunce zde sv\u00edt\u00ed i deset hodin denn\u011b, co\u017e je oproti na\u0161im sotva \u0161esti hodin\u00e1m sv\u011btla doslova luxus. Pokud natref\u00edte na slune\u010dn\u00e9 po\u010das\u00ed, m\u016f\u017eete se radovat z pom\u011brn\u011b vysok\u00fdch teplot okolo dvaceti stup\u0148\u016f celsia. Sic\u00edlie  Jaro je ide\u00e1ln\u00ed obdob\u00ed pro to, abyste si prohl\u00e9dli pam\u00e1tky, kter\u00fdch je na Sic\u00edlii v\u00edc ne\u017e dost. Etna bude nejsp\u00ed\u0161 je\u0161t\u011b pokryta sn\u011bhem, ale pob\u0159e\u017e\u00ed bude m\u00edt dostate\u010dn\u011b vysokou teplotu, abyste si mohli prohl\u00e9dnout \u0159eck\u00e9 a \u0159\u00edmsk\u00e9 ruiny. Ur\u010dit\u011b byste m\u011bli projet cel\u00e9 Palermo a prohl\u00e9dnout si zdej\u0161\u00ed mozaiky.                                                                                                                                                                                                                                                                                                                                                                                         4\/5 - (2 votes)        "},{"@context":"https:\/\/schema.org\/","@type":"BreadcrumbList","itemListElement":[{"@type":"ListItem","position":1,"name":"Kam se vydat za hranice v jarn\u00edch m\u011bs\u00edc\u00edch","item":"https:\/\/www.sorela.cz\/kam-se-vydat-za-hranice-v-jarnich-mesicich\/#breadcrumbitem"}]}]